{"id":2927,"date":"2020-08-31T18:09:27","date_gmt":"2020-08-31T16:09:27","guid":{"rendered":"https:\/\/www.rs-genea.com\/pjbozon\/?p=2927"},"modified":"2020-08-31T18:19:39","modified_gmt":"2020-08-31T16:19:39","slug":"rappel-55e-congres-de-la-fshan-en-octobre-a-cherbourg","status":"publish","type":"post","link":"https:\/\/www.rs-genea.com\/pjbozon\/rappel-55e-congres-de-la-fshan-en-octobre-a-cherbourg\/","title":{"rendered":"Rappel &#8211; 55e congr\u00e8s de la FSHAN en octobre \u00e0 Cherbourg"},"content":{"rendered":"<p>[et_pb_section fb_built=&#8221;1&#8243; _builder_version=&#8221;4.6.0&#8243; _module_preset=&#8221;default&#8221;][et_pb_row column_structure=&#8221;1_4,3_4&#8243; _builder_version=&#8221;4.6.0&#8243; _module_preset=&#8221;default&#8221;][et_pb_column type=&#8221;1_4&#8243; _builder_version=&#8221;4.6.0&#8243; _module_preset=&#8221;default&#8221;][et_pb_image src=&#8221;https:\/\/www.rs-genea.com\/pjbozon\/wp-content\/uploads\/2020\/08\/2020-08-31_13-21-37.jpg&#8221; alt=&#8221;55e congr\u00e8s FSHAN&#8221; title_text=&#8221;2020-08-31_13-21-37&#8243; _builder_version=&#8221;4.6.0&#8243; _module_preset=&#8221;default&#8221;][\/et_pb_image][\/et_pb_column][et_pb_column type=&#8221;3_4&#8243; _builder_version=&#8221;4.6.0&#8243; _module_preset=&#8221;default&#8221;][et_pb_text _builder_version=&#8221;4.6.0&#8243; _module_preset=&#8221;default&#8221; hover_enabled=&#8221;0&#8243; sticky_enabled=&#8221;0&#8243;]<\/p>\n<div>\n<h3 style=\"text-align: justify;\">55e congr\u00e8s de la F\u00e9d\u00e9ration des Soci\u00e9t\u00e9s historiques et arch\u00e9ologiques de Normandie \u00e0 Cherbourg<\/h3>\n<\/div>\n<div style=\"text-align: justify;\"><\/div>\n<p>[\/et_pb_text][et_pb_text _builder_version=&#8221;4.6.0&#8243; _module_preset=&#8221;default&#8221; hover_enabled=&#8221;0&#8243; sticky_enabled=&#8221;0&#8243;]<\/p>\n<p style=\"text-align: justify;\"><span style=\"color: #666666; font-family: 'Open Sans', Arial, sans-serif; font-size: 14px; font-style: normal; font-variant-ligatures: normal; font-variant-caps: normal; font-weight: 500; letter-spacing: normal; orphans: 2; text-align: justify; text-indent: 0px; text-transform: none; white-space: normal; widows: 2; word-spacing: 0px; -webkit-text-stroke-width: 0px; background-color: #ffffff; text-decoration-style: initial; text-decoration-color: initial; display: inline !important; float: none;\">Du 14 au 17 octobre 2020 : 55e congr\u00e8s de la F\u00e9d\u00e9ration des Soci\u00e9t\u00e9s historiques et arch\u00e9ologiques de Normandie \u00e0 Cherbourg. Le th\u00e8me est :\u00a0 &#8221; Ports et lieux d\u2019\u00e9change en Normandie : les p\u00f4les commerciaux et leurs arri\u00e8re-pays &#8220;. Retrouvez ici les\u00a0<\/span><a href=\"http:\/\/www.fshan.fr\/doc\/ORIENTATIONS%20d%C3%A9finitives%20de%20Cherbourg%20au%201ao%C3%BBt2019.pdf\" target=\"_blank\" rel=\"noopener noreferrer\" style=\"box-sizing: border-box; margin: 0px; padding: 0px; border: 0px; outline: 0px; font-size: 14px; text-size-adjust: 100%; vertical-align: baseline; background: #ffffff; color: #e02b20; text-decoration: none; cursor: pointer !important; font-family: 'Open Sans', Arial, sans-serif; font-style: normal; font-variant-ligatures: normal; font-variant-caps: normal; font-weight: 500; letter-spacing: normal; orphans: 2; text-align: justify; text-indent: 0px; text-transform: none; white-space: normal; widows: 2; word-spacing: 0px; -webkit-text-stroke-width: 0px;\">orientations du congr\u00e8s, l<\/a><span style=\"color: #666666; font-family: 'Open Sans', Arial, sans-serif; font-size: 14px; font-style: normal; font-variant-ligatures: normal; font-variant-caps: normal; font-weight: 500; letter-spacing: normal; orphans: 2; text-align: justify; text-indent: 0px; text-transform: none; white-space: normal; widows: 2; word-spacing: 0px; -webkit-text-stroke-width: 0px; background-color: #ffffff; text-decoration-style: initial; text-decoration-color: initial; display: inline !important; float: none;\">e bulletin de\u00a0<\/span><a href=\"http:\/\/fshan.fr\/doc\/20200710%20BULLETIN%20D'INSCRIPTION.pdf\" target=\"_blank\" rel=\"noopener noreferrer\">d\u2019inscription<\/a><a href=\"http:\/\/www.fshan.fr\/doc\/20200710%20BULLETIN%20D\" target=\"_blank\" rel=\"noopener noreferrer\" style=\"box-sizing: border-box; margin: 0px; padding: 0px; border: 0px; outline: 0px; font-size: 14px; text-size-adjust: 100%; vertical-align: baseline; background: #ffffff; color: #e02b20; text-decoration: none; cursor: pointer !important; font-family: 'Open Sans', Arial, sans-serif; font-style: normal; font-variant-ligatures: normal; font-variant-caps: normal; font-weight: 500; letter-spacing: normal; orphans: 2; text-align: justify; text-indent: 0px; text-transform: none; white-space: normal; widows: 2; word-spacing: 0px; -webkit-text-stroke-width: 0px;\">,<\/a><span style=\"color: #666666; font-family: 'Open Sans', Arial, sans-serif; font-size: 14px; font-style: normal; font-variant-ligatures: normal; font-variant-caps: normal; font-weight: 500; letter-spacing: normal; orphans: 2; text-align: justify; text-indent: 0px; text-transform: none; white-space: normal; widows: 2; word-spacing: 0px; -webkit-text-stroke-width: 0px; background-color: #ffffff; text-decoration-style: initial; text-decoration-color: initial; display: inline !important; float: none;\">\u00a0<\/span><a href=\"http:\/\/www.fshan.fr\/doc\/20200715%20Congr%C3%A8s%20FSHAN%20Cherbourg%20programme%20VD.pdf\" target=\"_blank\" rel=\"noopener noreferrer\" style=\"box-sizing: border-box; margin: 0px; padding: 0px; border: 0px; outline: 0px; font-size: 14px; text-size-adjust: 100%; vertical-align: baseline; background: #ffffff; color: #e02b20; text-decoration: none; cursor: pointer !important; font-family: 'Open Sans', Arial, sans-serif; font-style: normal; font-variant-ligatures: normal; font-variant-caps: normal; font-weight: 500; letter-spacing: normal; orphans: 2; text-align: justify; text-indent: 0px; text-transform: none; white-space: normal; widows: 2; word-spacing: 0px; -webkit-text-stroke-width: 0px;\">le programme<\/a><span style=\"color: #666666; font-family: 'Open Sans', Arial, sans-serif; font-size: 14px; font-style: normal; font-variant-ligatures: normal; font-variant-caps: normal; font-weight: 500; letter-spacing: normal; orphans: 2; text-align: justify; text-indent: 0px; text-transform: none; white-space: normal; widows: 2; word-spacing: 0px; -webkit-text-stroke-width: 0px; background-color: #ffffff; text-decoration-style: initial; text-decoration-color: initial; display: inline !important; float: none;\">\u00a0et\u00a0<\/span><a href=\"http:\/\/www.fshan.fr\/doc\/Affiche%20Congr%C3%A8s%202020%20VVDD.pdf\" target=\"_blank\" rel=\"noopener noreferrer\" style=\"box-sizing: border-box; margin: 0px; padding: 0px; border: 0px; outline: 0px; font-size: 14px; text-size-adjust: 100%; vertical-align: baseline; background: #ffffff; color: #e02b20; text-decoration: none; cursor: pointer !important; font-family: 'Open Sans', Arial, sans-serif; font-style: normal; font-variant-ligatures: normal; font-variant-caps: normal; font-weight: 500; letter-spacing: normal; orphans: 2; text-align: justify; text-indent: 0px; text-transform: none; white-space: normal; widows: 2; word-spacing: 0px; -webkit-text-stroke-width: 0px;\">l\u2019affiche<\/a><span style=\"color: #666666; font-family: 'Open Sans', Arial, sans-serif; font-size: 14px; font-style: normal; font-variant-ligatures: normal; font-variant-caps: normal; font-weight: 500; letter-spacing: normal; orphans: 2; text-align: justify; text-indent: 0px; text-transform: none; white-space: normal; widows: 2; word-spacing: 0px; -webkit-text-stroke-width: 0px; background-color: #ffffff; text-decoration-style: initial; text-decoration-color: initial; display: inline !important; float: none;\">.<\/span><\/p>\n<p>[\/et_pb_text][\/et_pb_column][\/et_pb_row][et_pb_row _builder_version=&#8221;4.6.0&#8243; _module_preset=&#8221;default&#8221;][et_pb_column type=&#8221;4_4&#8243; _builder_version=&#8221;4.6.0&#8243; _module_preset=&#8221;default&#8221;][et_pb_text _builder_version=&#8221;4.6.0&#8243; _module_preset=&#8221;default&#8221;]<\/p>\n<p><a href=\"https:\/\/www.rs-genea.com\/pjbozon\/55e-congres-de-la-fshan\/\" target=\"_blank\" rel=\"noopener noreferrer\">Lien vers l&#8217;article publi\u00e9 le 27 juillet 2020<\/a><\/p>\n<p>[\/et_pb_text][\/et_pb_column][\/et_pb_row][\/et_pb_section]<\/p>\n","protected":false},"excerpt":{"rendered":"<p>55e congr\u00e8s de la F\u00e9d\u00e9ration des Soci\u00e9t\u00e9s historiques et arch\u00e9ologiques de Normandie \u00e0 Cherbourg Du 14 au 17 octobre 2020 : 55e congr\u00e8s de la F\u00e9d\u00e9ration des Soci\u00e9t\u00e9s historiques et arch\u00e9ologiques de Normandie \u00e0 Cherbourg. Le th\u00e8me est :\u00a0 &#8221; Ports et lieux d\u2019\u00e9change en Normandie : les p\u00f4les commerciaux et leurs arri\u00e8re-pays &#8220;. Retrouvez [&hellip;]<\/p>\n","protected":false},"author":1,"featured_media":0,"comment_status":"open","ping_status":"open","sticky":false,"template":"","format":"standard","meta":{"_et_pb_use_builder":"on","_et_pb_old_content":"","_et_gb_content_width":"","_monsterinsights_skip_tracking":false,"_monsterinsights_sitenote_active":false,"_monsterinsights_sitenote_note":"","_monsterinsights_sitenote_category":0},"categories":[28,10],"tags":[],"jetpack_featured_media_url":"","_links":{"self":[{"href":"https:\/\/www.rs-genea.com\/pjbozon\/wp-json\/wp\/v2\/posts\/2927"}],"collection":[{"href":"https:\/\/www.rs-genea.com\/pjbozon\/wp-json\/wp\/v2\/posts"}],"about":[{"href":"https:\/\/www.rs-genea.com\/pjbozon\/wp-json\/wp\/v2\/types\/post"}],"author":[{"embeddable":true,"href":"https:\/\/www.rs-genea.com\/pjbozon\/wp-json\/wp\/v2\/users\/1"}],"replies":[{"embeddable":true,"href":"https:\/\/www.rs-genea.com\/pjbozon\/wp-json\/wp\/v2\/comments?post=2927"}],"version-history":[{"count":4,"href":"https:\/\/www.rs-genea.com\/pjbozon\/wp-json\/wp\/v2\/posts\/2927\/revisions"}],"predecessor-version":[{"id":2935,"href":"https:\/\/www.rs-genea.com\/pjbozon\/wp-json\/wp\/v2\/posts\/2927\/revisions\/2935"}],"wp:attachment":[{"href":"https:\/\/www.rs-genea.com\/pjbozon\/wp-json\/wp\/v2\/media?parent=2927"}],"wp:term":[{"taxonomy":"category","embeddable":true,"href":"https:\/\/www.rs-genea.com\/pjbozon\/wp-json\/wp\/v2\/categories?post=2927"},{"taxonomy":"post_tag","embeddable":true,"href":"https:\/\/www.rs-genea.com\/pjbozon\/wp-json\/wp\/v2\/tags?post=2927"}],"curies":[{"name":"wp","href":"https:\/\/api.w.org\/{rel}","templated":true}]}}