{"id":2813,"date":"2020-06-04T11:11:51","date_gmt":"2020-06-04T09:11:51","guid":{"rendered":"https:\/\/www.rs-genea.com\/pjbozon\/?p=2813"},"modified":"2020-06-04T11:12:37","modified_gmt":"2020-06-04T09:12:37","slug":"paul-jacques-bonzon-un-homme-un-ecrivain-un-instituteur-hommage-de-lamopa-de-la-drome-en-1988","status":"publish","type":"post","link":"https:\/\/www.rs-genea.com\/pjbozon\/paul-jacques-bonzon-un-homme-un-ecrivain-un-instituteur-hommage-de-lamopa-de-la-drome-en-1988\/","title":{"rendered":"&#8220;Paul-Jacques Bonzon, un homme, un \u00e9crivain, un instituteur&#8221;, hommage de l&#8217;Amopa de la Dr\u00f4me en 1988"},"content":{"rendered":"<p>[et_pb_section fb_built=&#8221;1&#8243; _builder_version=&#8221;4.4.7&#8243;][et_pb_row _builder_version=&#8221;4.4.7&#8243;][et_pb_column _builder_version=&#8221;4.4.7&#8243; type=&#8221;4_4&#8243;][et_pb_text _builder_version=&#8221;4.4.7&#8243;]<\/p>\n<p style=\"text-align: center;\"><div id=\"attachment_2811\" style=\"width: 754px\" class=\"wp-caption alignnone\"><img aria-describedby=\"caption-attachment-2811\" loading=\"lazy\" src=\"https:\/\/www.rs-genea.com\/pjbozon\/wp-content\/uploads\/2020\/06\/PA-4384-744x1024.jpg\" width=\"744\" height=\"1024\" alt=\"\" class=\"wp-image-2811 size-large\" \/><p id=\"caption-attachment-2811\" class=\"wp-caption-text\">Bulletin de liaison n\u00b08 de l&#8217;Amopa de la Dr\u00f4me, septembre 1988<\/p><\/div><\/p>\n<p class=\"Standard\" style=\"text-align: justify; text-justify: inter-ideograph;\"><span style=\"color: #800080;\">Paul-Jacques n&#8217;eut pas le privil\u00e8ge de se voir attribuer cette distinction que repr\u00e9sentent les Palmes acad\u00e9miques, ni durant son activit\u00e9 ni apr\u00e8s. Il l&#8217;eut tr\u00e8s certainement m\u00e9rit\u00e9e au regard de son engagement \u00e9ducatif aupr\u00e8s des jeunes tant par la publication de ses romans que par celle des ouvrages scolaires de lecture suivie. Sans doute est-il parti trop t\u00f4t pour se les voir proposer. Preuve s&#8217;il en est que dix ans apr\u00e8s sa disparition, l&#8217;Association des membres des Palmes acad\u00e9mique, l&#8217; AMOPA, de la Dr\u00f4me, lui rendit hommage \u00e0 l&#8217;occasion d&#8217;un concours pour la d\u00e9fense de la langue fran\u00e7aise. La commission \u00e9tait pr\u00e9sid\u00e9e par Roger Bruel, inspecteur honoraire, accompagn\u00e9 d&#8217;un professeur de lyc\u00e9e et de Madame Bonzon, veuve de l&#8217;\u00e9crivain et directrice d&#8217;\u00e9cole honoraire. Le bulletin de liaison n\u00b0 8 de septembre 1988 s&#8217;en fit l&#8217;\u00e9cho au travers d&#8217;un article intitul\u00e9\u00a0: \u00ab\u00a0Paul-Jacques Bonzon, un homme, un \u00e9crivain, un instituteur\u00a0\u00bb. Jacques Sarano, m\u00e9decin et ami, y pronon\u00e7a une \u00e9mouvante allocution.<\/span><o:p><\/o:p><\/p>\n<p class=\"Standard\" style=\"text-align: justify; text-justify: inter-ideograph;\"><span style=\"color: #800080;\">Un coll\u00e8gue dr\u00f4mois, comme moi appartenant \u00e0 l&#8217;honorable institution, m&#8217;avait fait le plaisir, en 2007, de me communiquer ce bulletin. Ce texte est peu connu. Aussi, il m&#8217;a semble int\u00e9ressant que le site puisse rendre public cet hommage posthume en transcrivant int\u00e9gralement les artilces publi\u00e9s pages 31 et 32 du bulletin ainsi que l&#8217;allocution du Dr Sarano.<\/span><o:p><\/o:p><\/p>\n<p class=\"Standard\" style=\"text-align: right;\"><span style=\"color: #0000ff;\"><em>Yves Marion, 4 juin 2020.<\/em><\/span><\/p>\n<p class=\"Standard\" style=\"text-align: justify;\"><span style=\"color: #0000ff;\"><em><\/em><\/span><\/p>\n<p style=\"text-align: center;\"><strong>DEFENSE ET ILLUSTRATION DE LA<\/strong><\/p>\n<p style=\"text-align: center;\"><strong>LANGUE FRANCAISE<\/strong><\/p>\n<p style=\"text-align: center;\"><em>Hommage \u00e0 Paut-Jacques Bonzon<\/em><\/p>\n<p style=\"text-align: center;\"><strong>L&#8217;AMOPA\u00a0\u00a0\u00a0\u00a0\u00a0\u00a0\u00a0\u00a0\u00a0 <\/strong><strong>vous rappelle<\/strong><\/p>\n<p style=\"text-align: center;\"><strong>il y a dix ans<\/strong><\/p>\n<p style=\"text-align: justify;\">Dans quelques jours on pourra comm\u00e9morer le 10\u00e8me anniversaire de la disparition de Paul-Jacques BONZON. Ce romancier sp\u00e9cialis\u00e9 dans les ouvrages pour la jeunesse s&#8217;est en effet \u00e9teint \u00e0 VALENCE le 24 Septembre 1978. Il fut pendant un tiers de si\u00e8cle le plus important auteur dans sa sp\u00e9cialit\u00e9 les livres pour la jeunesse. Ces ouvrages t\u00e9moignent d&#8217;un v\u00e9ritable travail d&#8217;orf\u00e8vre o\u00f9, sous le masque de la d\u00e9sinvolture, se dissimule un artisan de la langue la plus classique.<\/p>\n<p style=\"text-align: justify;\">Paul-Jacques BONZON naquit en NORMANDIE, \u00e0 SAINTE MARIE DU MONT, le 31 Ao\u00fbt 1908 ; apr\u00e8s de solides \u00e9tudes \u00e0 l&#8217;Ecole Normale d&#8217;Instituteurs de SAINT LO il se consacra \u00e0 l&#8217;enseignement ; c&#8217;est alors qu&#8217;il connut la DROME. Nomm\u00e9 instituteur, \u00e0 CHABEUIL tout d&#8217;abord, il enseigna tour \u00e0 tour \u00e0 ST LAURENT EN ROYANS puis \u00e0 la grande \u00e9cole Berthelot de VALENCE o\u00f9 il a form\u00e9 de nombreux jeunes ma\u00eetres.<\/p>\n<p style=\"text-align: justify;\">Apr\u00e8s 1960, profitant de sa retraite, il se consacra enti\u00e8rement \u00e0 l&#8217;\u00e9criture de ses romans. Une centaine de volumes ont paru. La s\u00e9rie commen\u00e7a avec &#8220;Loutsi, chien et ses jeunes ma\u00eetres&#8221; publi\u00e9 par BOURRELIER en 1945 et se termina avec &#8220;Pompon, le petit \u00e2ne des tropiques&#8221; chez DELAGRAVE en 1980. Au catalogue de ce dernier \u00e9diteur c&#8217;est toute une gamme de livres de lecture en usage dans les \u00e9coles ce qui n&#8217;emp\u00eacha pas l&#8217;auteur de se consacrer parall\u00e8lement \u00e0 des romans publi\u00e9s chez HACHETTE o\u00f9 plus de 60 titres verront le jour : Huit millions d&#8217;exemplaires vendus en FRANCE, presque autant \u00e0 l&#8217;\u00e9tranger, sur tous les continents et, de ce fait, traduits en quinze langues.\u00a0<\/p>\n<p style=\"text-align: justify;\">Paul-Jacques BONZON fut honor\u00e9 par plusieurs prix litt\u00e9raires : 2\u00e8me prix de la jeunesse en 53, prix Enfance du Monde en 55, prix du Salon de l&#8217;Enfance en 58, prix du H\u00e9rald Tribune, etc &#8230;<\/p>\n<p style=\"text-align: justify;\">Dans son importante oeuvre la langue est toujours saine et drue, le style simple et direct. BONZON a su aussi \u00e9veiller la sympathie pour ses jeunes h\u00e9ros et r\u00e9tablir les droits de la justice. Il restera pour la DROME qui lui servit de cadre pour la majeure partie de son oeuvre romanesque, le souvenir d&#8217;un homme qui sut manier la langue fran\u00e7aise avec autorit\u00e9. Il a passionn\u00e9 les jeunes avec ses aventures, fruit d&#8217;une grande imagination et de beaucoup de vitalit\u00e9. C&#8217;est tout un ensemble qui a ses qualit\u00e9s propres, son architecture, son style et ses actions forg\u00e9es avec ses propres mat\u00e9riaux.<\/p>\n<p>&#8211; 32 &#8211;<\/p>\n<p style=\"text-align: justify;\">L&#8217;an dernier la Section Dr\u00f4moise de l&#8217;A.M.O.P.A. a lanc\u00e9 au niveau des Coll\u00e8ges et des Lyc\u00e9es un concours pour la D\u00e9fense de la Langue Fran\u00e7aise. De nombreux \u00e9l\u00e8ves l&#8217;ont fait avec joie et plus de cinq mille francs de prix ont \u00e9t\u00e9 attribu\u00e9s gr\u00e2ce \u00e0 l&#8217;aide du Conseil G\u00e9n\u00e9ral, du Dauphin\u00e9 Lib\u00e9r\u00e9 et du Cr\u00e9dit Agricole.<\/p>\n<p style=\"text-align: justify;\">Le concours scolaire pour l&#8217;encouragement \u00e0 la lecture a \u00e9t\u00e9 propos\u00e9 aux 540 \u00e9coles primaires \u00e9l\u00e9mentaires du d\u00e9partement avec le soutien de Madame l&#8217;Inspecteur d&#8217;Acad\u00e9mie et des Inspecteurs D\u00e9partementaux de l&#8217;Education Nationale.<\/p>\n<p style=\"text-align: justify;\">La commission du concours, pr\u00e9sid\u00e9e par Roger BRUEL, Inspecteur D\u00e9partemental honoraire, ayant \u00e0 ses c\u00f4t\u00e9s Madame THEOCLISTE, Professeur honoraire de Lyc\u00e9e, et Madame BONZON Veuve de l&#8217;\u00e9crivain, directrice honoraire, compos\u00e9e en outre de plusieurs conseillers p\u00e9dagogiques et directeurs d&#8217;\u00e9cole, s&#8217;est r\u00e9unie au Lyc\u00e9e Loubet le 18 Mai pour examiner les travaux d&#8217;\u00e9l\u00e8ves.<\/p>\n<p style=\"text-align: justify;\">Elle a attribu\u00e9 19 prix collectifs et 9 prix individuels.<\/p>\n<p style=\"text-align: justify;\">Ces travaux d&#8217;\u00e9l\u00e8ves ont \u00e9tonn\u00e9 souvent les membres de la commission par leur qualit\u00e9 ; ils montrent que les enfants s&#8217;int\u00e9ressent encore \u00e0 la lecture, et qu&#8217;ils aiment retrouver P.J. BONZON, et comme l&#8217;exprimait notre pr\u00e9sident dans son allocution : &#8220;Ils le disent \u00e0 Paul Jacques BONZON avec leur sourire d&#8217;enfants&#8221;.<\/p>\n<p style=\"text-align: justify;\">Ce concours qui a d\u00e9bouch\u00e9 sur l&#8217;exposition organis\u00e9e en collaboration avec la M\u00e9diath\u00e8que de VALENCE, \u00e9tait une illustration de notre section pour la d\u00e9fense de la Langue Fran\u00e7aise, mais aussi un hommage \u00e0 P.J. BONZON, cet homme, cet instituteur, cet \u00e9crivain.<\/p>\n<p style=\"text-align: justify;\">Nous y avons donn\u00e9 toute la publicit\u00e9 que nos moyens nous permettaient :<\/p>\n<p style=\"text-align: justify;\">Dialogue \u00e0 Radio Dr\u00f4me, flash d&#8217;information, presse &#8230; et nous produisons ci-dessous quelques coupures de journaux tir\u00e9es du Dauphin\u00e9 Lib\u00e9r\u00e9, et de l&#8217;Impartial : vous y trouverez notamment, le Palmar\u00e8s du concours, et aussi une biographie de l&#8217;auteur.<\/p>\n<p style=\"text-align: justify;\">Enfin nous avons associ\u00e9 \u00e0 notre manifestation la famille et les amis de P.J. BONZON, et nous donnons dans son int\u00e9gralit\u00e9 l&#8217;allocution prononc\u00e9e par le Docteur SARANO, gastro-ent\u00e9rologue, bien connu aussi pour son importante oeuvre philosophique.<\/p>\n<p style=\"text-align: center;\"><strong>Allocution de Jacques Sarano.\u00a0<\/strong><\/p>\n<p style=\"text-align: justify;\"><span style=\"color: #800080;\">Jacques Sarano, gastroent\u00e9rologue \u00e0 Valence, d\u00e9c\u00e9d\u00e9 en 2018, \u00e9tait le p\u00e8re de Fran\u00e7ois Sarano, oc\u00e9anographe bien connu. Les lecteurs et sp\u00e9cialistes du romancier auront tr\u00e8s certainement observ\u00e9 que\u00a0<\/span><em style=\"color: #800080;\">Les six compagnons et les secret de la calanque<\/em><span style=\"color: #800080;\">, publi\u00e9 en 1969, est d\u00e9dicac\u00e9 \u00e0\u00a0\u00a0&#8220;<\/span><em style=\"color: #800080;\">Elisabeth Sarano, en souvenir de vacances aux Issambres&#8221;.\u00a0<\/em><\/p>\n<p style=\"text-align: justify;\">&#8211; 37 &#8211;<\/p>\n<p style=\"text-align: justify;\">Mesdames, Messieurs, Chers enfants,<\/p>\n<p style=\"text-align: justify;\">D&#8217;autres que moi sont plus qualifi\u00e9s pour analyser l&#8217;oeuvre consid\u00e9rable de Paul Jacques BONZON, traduite dans le monde entier.<\/p>\n<p style=\"text-align: justify;\">Il revient \u00e0 l&#8217;un de ses amis plus proches d&#8217;\u00e9voquer quelques traits personnels. C&#8217;est en organisant en 1961 une &#8220;Semaine des Cr\u00e9ateurs&#8221; \u00e0 l&#8217;Acad\u00e9mie Dr\u00f4moise dont il \u00e9tait un membre \u00e9minent, que nous avons fait connaissance et li\u00e9 une amiti\u00e9 qui devait durer pr\u00e8s de 20 ans, jusqu&#8217;\u00e0 la fin &#8230;<\/p>\n<p style=\"text-align: justify;\">Mes enfants aimaient ses livres. Mon fils se rappelle le th\u00e8me qui, apr\u00e8s un voyage aux ISSAMBRES, lui fut d\u00e9di\u00e9. Il a m\u00eame eu le privil\u00e8ge, avec son ami D., d&#8217;annoter un de ses manuscrits en premi\u00e8re lecture.<\/p>\n<p style=\"text-align: justify;\">Paul Jacques BONZON racontait volontiers comment l&#8217;autorit\u00e9 paternelle l&#8217;orienta vers l&#8217;enseignement, alors qu&#8217;il avait une f\u00e9e dans la voix et une f\u00e9e dans les doigts (combien de croquis lestes et d&#8217;aquarelles d\u00e9licates nous sont rest\u00e9es &#8230;)<\/p>\n<p style=\"text-align: justify;\">C&#8217;est (gr\u00e2ce \u00e0 l&#8217;enseignement) le g\u00e9nie du conteur et de l&#8217;\u00e9crivain qui pr\u00e9valut.<\/p>\n<p style=\"text-align: justify;\">Il l&#8217;essaya pendant la guerre aupr\u00e8s de quelques \u00e9l\u00e8ves r\u00e9fugi\u00e9s s\u00e9par\u00e9s de leurs parents (&#8220;Loutsi<u> le chien&#8221;)<\/u> ; il put ainsi roder, affiner son outil au contact de ses futurs jeunes lecteurs.<\/p>\n<p style=\"text-align: justify;\">Par la suite, combien de visites d&#8217;enfants et d&#8217;\u00e9changes \u00e9pistolaires ! Vous (vos ain\u00e9s) le harceliez de questions sur ses h\u00e9ros, qui ne vieillissaient pas apr\u00e8s chaque aventure au long des livres et des ann\u00e9es (La s\u00e9rie des six compagnons).<\/p>\n<p style=\"text-align: justify;\">Il a su trouver la langue et le style qui respectent, \u00e9l\u00e8vent le jeune<\/p>\n<p style=\"text-align: justify;\">lecteur, \u00e0 telle enseigne que ses textes ont servi de mod\u00e8le dans les \u00e9coles.<\/p>\n<p style=\"text-align: justify;\">Il avait une grande sensibilit\u00e9 (des romans comme <u>L&#8217;\u00e9ventail de S\u00e9ville,<\/u> et d&#8217;autres, pour adultes, moins connus, nous \u00e9meuvent aux larmes). Il \u00e9tait lui-m\u00eame sensible \u00e0 l&#8217;extr\u00eame, vuln\u00e9rable, derri\u00e8re sa pipe et son sourire malicieux illumin\u00e9 par quelque calembour pour nous d\u00e9tendre et nous amuser.<\/p>\n<p style=\"text-align: justify;\">Il avait enfin le g\u00e9nie du &#8220;suspense&#8221;, du policier pour enfants. L&#8217;histoire de son dernier manuscrit vaut d&#8217;\u00eatre cont\u00e9e. Il \u00e9tait d\u00e9j\u00e0 gravement atteint, en F\u00e9vrier 78, et nous venions de tenir le pari d&#8217;un voyage en EGYPTE, merveilleux pour nous quatre, tr\u00e8s lourd pour lui, mais pari gagn\u00e9 !<\/p>\n<p style=\"text-align: justify;\">Il voulut, comme il encavait l&#8217;habitude, en tirer un roman : <u>&#8220;Le secret de la <\/u><u>pyramide&#8221;,<\/u> et se mit \u00e0 l&#8217;ouvrage.<\/p>\n<p style=\"text-align: justify;\">Ce SECRET, il le gardait bien, il nous tenait en haleine, ayant tap\u00e9 une bonne partie de son manuscrit.<\/p>\n<p style=\"text-align: justify;\">Ses forces d\u00e9clinaient, il s&#8217;obstinait, la frappe devenait incertaine, les derni\u00e8res pages presque illisibles. Il s&#8217;arr\u00eata, \u00e9puis\u00e9, quelques jours avant sa mort.<\/p>\n<p style=\"text-align: justify;\">Sa femme et ses enfants, qui ont avec amour conserv\u00e9 et relu cette histoire, ont essay\u00e9 en vain toutes les cl\u00e9s possibles et n&#8217;ont pas pu achever le roman, &#8211; percer &#8220;le secret de la pyramide&#8221;. Poignant exemple d&#8217;un SECRET qu&#8217;on emporte \u00e0 jamais, et d&#8217;une vocation d&#8217;\u00e9crivain aux limites des forces humaines.<\/p>\n<p style=\"text-align: justify;\">Tous ses amis gardons devant nous, comme s&#8217;il \u00e9tait l\u00e0, pr\u00e9sent, son sourire si jovial et son regard bleu.<\/p>\n<p style=\"text-align: justify;\">Merci \u00e0 vous qui avez organis\u00e9 cette manifestation du souvenir si justifi\u00e9e par la qualit\u00e9 et la-r\u00e9putation de l&#8217;homme et de l&#8217;Oeuvre.<\/p>\n<p style=\"text-align: right;\"><em>D. Jacques SARANO<\/em><\/p>\n<p style=\"text-align: right;\"><em>22.6.88<\/em><\/p>\n<p style=\"text-align: justify;\"><em><\/em><\/p>\n<p style=\"text-align: justify;\">\n<p class=\"Standard\"><span style=\"color: #0000ff;\"><em><\/em><\/span><\/p>\n<p class=\"Standard\" style=\"text-align: justify; text-justify: inter-ideograph;\">\n<p>&nbsp;<\/p>\n<p>[\/et_pb_text][\/et_pb_column][\/et_pb_row][\/et_pb_section]<\/p>\n","protected":false},"excerpt":{"rendered":"<p>Paul-Jacques n&#8217;eut pas le privil\u00e8ge de se voir attribuer cette distinction que repr\u00e9sentent les Palmes acad\u00e9miques, ni durant son activit\u00e9 ni apr\u00e8s. Il l&#8217;eut tr\u00e8s certainement m\u00e9rit\u00e9e au regard de son engagement \u00e9ducatif aupr\u00e8s des jeunes tant par la publication de ses romans que par celle des ouvrages scolaires de lecture suivie. Sans doute est-il [&hellip;]<\/p>\n","protected":false},"author":4,"featured_media":0,"comment_status":"open","ping_status":"open","sticky":false,"template":"","format":"standard","meta":{"_et_pb_use_builder":"on","_et_pb_old_content":"","_et_gb_content_width":"","_monsterinsights_skip_tracking":false,"_monsterinsights_sitenote_active":false,"_monsterinsights_sitenote_note":"","_monsterinsights_sitenote_category":0},"categories":[7],"tags":[],"jetpack_featured_media_url":"","_links":{"self":[{"href":"https:\/\/www.rs-genea.com\/pjbozon\/wp-json\/wp\/v2\/posts\/2813"}],"collection":[{"href":"https:\/\/www.rs-genea.com\/pjbozon\/wp-json\/wp\/v2\/posts"}],"about":[{"href":"https:\/\/www.rs-genea.com\/pjbozon\/wp-json\/wp\/v2\/types\/post"}],"author":[{"embeddable":true,"href":"https:\/\/www.rs-genea.com\/pjbozon\/wp-json\/wp\/v2\/users\/4"}],"replies":[{"embeddable":true,"href":"https:\/\/www.rs-genea.com\/pjbozon\/wp-json\/wp\/v2\/comments?post=2813"}],"version-history":[{"count":2,"href":"https:\/\/www.rs-genea.com\/pjbozon\/wp-json\/wp\/v2\/posts\/2813\/revisions"}],"predecessor-version":[{"id":2816,"href":"https:\/\/www.rs-genea.com\/pjbozon\/wp-json\/wp\/v2\/posts\/2813\/revisions\/2816"}],"wp:attachment":[{"href":"https:\/\/www.rs-genea.com\/pjbozon\/wp-json\/wp\/v2\/media?parent=2813"}],"wp:term":[{"taxonomy":"category","embeddable":true,"href":"https:\/\/www.rs-genea.com\/pjbozon\/wp-json\/wp\/v2\/categories?post=2813"},{"taxonomy":"post_tag","embeddable":true,"href":"https:\/\/www.rs-genea.com\/pjbozon\/wp-json\/wp\/v2\/tags?post=2813"}],"curies":[{"name":"wp","href":"https:\/\/api.w.org\/{rel}","templated":true}]}}